{"id":226,"date":"2025-03-01T20:59:07","date_gmt":"2025-03-01T20:59:07","guid":{"rendered":"https:\/\/rodzalesie-pila.pl\/?p=226"},"modified":"2025-03-01T21:00:22","modified_gmt":"2025-03-01T21:00:22","slug":"final-programu-eko-profit-re-recycling-to-sie-oplaca","status":"publish","type":"post","link":"https:\/\/rodzalesie-pila.pl\/?p=226","title":{"rendered":"Fina\u0142 programu eko-PROFIT \u2013 RE REcycling to si\u0119 op\u0142aca!"},"content":{"rendered":"\n<p class=\"has-text-align-center\"><strong>2024 odby\u0142 si\u0119 w \u015awiatowy Dzie\u0144 Organizacji Pozarz\u0105dowych.<\/strong><\/p>\n\n\n\n<p><strong>Prze\u0142om w recyklingu elektroodpad\u00f3w \u2013 podsumowanie edycji 2024.<\/strong><br>27 lutego 2025 roku odby\u0142 si\u0119 Wielki Fina\u0142 og\u00f3lnopolskiego programu edukacyjnego eko-PROFIT \u2013 REcycling to si\u0119 op\u0142aca! 2024. To wyj\u0105tkowe wydarzenie podsumowa\u0142o efekty ekologicznych dzia\u0142a\u0144 podj\u0119tych przez Uczestnik\u00f3w w 2024 roku oraz uhonorowa\u0142o tych, kt\u00f3rzy osi\u0105gn\u0119li najlepsze wyniki w zbi\u00f3rce elektroodpad\u00f3w.<\/p>\n\n\n\n<p class=\"has-text-align-left\"><br><strong>Fina\u0142 odby\u0142 si\u0119 27 lutego w Sali Multicentrum Misja Kampinos przy Zespole Szk\u00f3\u0142 nr 1 im. Melchiora Wa\u0144kowicza w B\u0142oniu.<\/strong><\/p>\n\n\n\n<p class=\"has-text-align-left\"><br><strong>Rekordowe wyniki \u2013 ekologia si\u0119 op\u0142aca!<\/strong><\/p>\n\n\n\n<p class=\"has-text-align-left\"><br>W Finale wzi\u0119\u0142o udzia\u0142 ponad 100 os\u00f3b. Byli to reprezentanci 20 najlepszych uczestnik\u00f3w w tym Szko\u0142y, Ko\u0142a Gospody\u0144 Wiejskich, Ochotnicze Stra\u017ce Po\u017carne, Parafie, Stowarzyszenia, Kluby itp., kt\u00f3rzy swoj\u0105 ci\u0119\u017ck\u0105 prac\u0105 i zaanga\u017cowaniem zas\u0142u\u017cyli na wyr\u00f3\u017cnienia i nagrody. Podczas gali fina\u0142owej organizatorzy uhonorowali ich wysi\u0142ki bonusami oraz Uczestnicy przedstawili inspiruj\u0105ce historie dzia\u0142a\u0144 na rzecz ochrony \u015brodowiska.<\/p>\n\n\n\n<figure class=\"wp-block-image size-large\"><img loading=\"lazy\" decoding=\"async\" width=\"1024\" height=\"768\" src=\"https:\/\/rodzalesie-pila.pl\/wp-content\/uploads\/2025\/03\/REMODDIS_POCZATEK-1024x768.jpg\" alt=\"\" class=\"wp-image-227\" srcset=\"https:\/\/rodzalesie-pila.pl\/wp-content\/uploads\/2025\/03\/REMODDIS_POCZATEK-1024x768.jpg 1024w, https:\/\/rodzalesie-pila.pl\/wp-content\/uploads\/2025\/03\/REMODDIS_POCZATEK-300x225.jpg 300w, https:\/\/rodzalesie-pila.pl\/wp-content\/uploads\/2025\/03\/REMODDIS_POCZATEK-768x576.jpg 768w, https:\/\/rodzalesie-pila.pl\/wp-content\/uploads\/2025\/03\/REMODDIS_POCZATEK-1536x1152.jpg 1536w, https:\/\/rodzalesie-pila.pl\/wp-content\/uploads\/2025\/03\/REMODDIS_POCZATEK-600x450.jpg 600w, https:\/\/rodzalesie-pila.pl\/wp-content\/uploads\/2025\/03\/REMODDIS_POCZATEK.jpg 2048w\" sizes=\"auto, (max-width: 1024px) 100vw, 1024px\" \/><\/figure>\n\n\n\n<figure class=\"wp-block-image size-large\"><img loading=\"lazy\" decoding=\"async\" width=\"1024\" height=\"768\" src=\"https:\/\/rodzalesie-pila.pl\/wp-content\/uploads\/2025\/03\/REMONDIS_POCZATEK-1024x768.jpg\" alt=\"\" class=\"wp-image-228\" srcset=\"https:\/\/rodzalesie-pila.pl\/wp-content\/uploads\/2025\/03\/REMONDIS_POCZATEK-1024x768.jpg 1024w, https:\/\/rodzalesie-pila.pl\/wp-content\/uploads\/2025\/03\/REMONDIS_POCZATEK-300x225.jpg 300w, https:\/\/rodzalesie-pila.pl\/wp-content\/uploads\/2025\/03\/REMONDIS_POCZATEK-768x576.jpg 768w, https:\/\/rodzalesie-pila.pl\/wp-content\/uploads\/2025\/03\/REMONDIS_POCZATEK-1536x1152.jpg 1536w, https:\/\/rodzalesie-pila.pl\/wp-content\/uploads\/2025\/03\/REMONDIS_POCZATEK-600x450.jpg 600w, https:\/\/rodzalesie-pila.pl\/wp-content\/uploads\/2025\/03\/REMONDIS_POCZATEK.jpg 2048w\" sizes=\"auto, (max-width: 1024px) 100vw, 1024px\" \/><\/figure>\n\n\n\n<p class=\"has-text-align-left\"><br><strong><strong>Bardzo si\u0119 cieszymy, i\u017c w ramach zbi\u00f3rki ekologicznej elektro\u015bmieci realizuj\u0105c projekt ekoDzia\u0142kowiec wyr\u00f3\u017cniono i nagrodzono Rodzinny Ogr\u00f3d Dzia\u0142kowy \u201eZalesie\u201d z Dolaszewa (woj. Wielkopolskie). Ogr\u00f3d reprezentowali: pani Iwona Krzaczkowska (prezes), pan Rados\u0142aw Pankowski (wiceprezes), pani Katarzyna Sykutera-\u015awierczy\u0144ska (komisja rewizyjna). Dzia\u0142kowcy z \u201eZalesia\u201d podczas zbi\u00f3rki w lipcu 2024 nie tylko oczy\u015bcili swoje altany z zalegaj\u0105cych czasami od kilkudziesi\u0119ciu lat elektro\u015bmieci, ale tak\u017ce przyczynili si\u0119 do propagowania zachowa\u0144 proekologicznych i dowiedzieli si\u0119, \u017ce s\u0105 one \u017ar\u00f3d\u0142em cennych surowc\u00f3w. Iwona Krzaczkowska (prezes ogrodu) podkre\u015bli\u0142a, \u017ce pomys\u0142 zbi\u00f3rki elektroodpad\u00f3w by\u0142 trafny, akcja spe\u0142ni\u0142a swoje zadanie i wzbudzi\u0142a ogromne zainteresowanie, a przygotowany boks na odpady okaza\u0142 si\u0119 strza\u0142em w dziesi\u0105tk\u0119. Zebrano 5 ton elektroodpad\u00f3w.<\/strong><\/strong><\/p>\n\n\n<div class=\"wp-block-image\">\n<figure class=\"aligncenter size-large\"><img loading=\"lazy\" decoding=\"async\" width=\"683\" height=\"1024\" src=\"https:\/\/rodzalesie-pila.pl\/wp-content\/uploads\/2025\/03\/REMONDIS.2702-683x1024.jpg\" alt=\"\" class=\"wp-image-231\" srcset=\"https:\/\/rodzalesie-pila.pl\/wp-content\/uploads\/2025\/03\/REMONDIS.2702-683x1024.jpg 683w, https:\/\/rodzalesie-pila.pl\/wp-content\/uploads\/2025\/03\/REMONDIS.2702-200x300.jpg 200w, https:\/\/rodzalesie-pila.pl\/wp-content\/uploads\/2025\/03\/REMONDIS.2702-768x1152.jpg 768w, https:\/\/rodzalesie-pila.pl\/wp-content\/uploads\/2025\/03\/REMONDIS.2702-1024x1536.jpg 1024w, https:\/\/rodzalesie-pila.pl\/wp-content\/uploads\/2025\/03\/REMONDIS.2702-1365x2048.jpg 1365w, https:\/\/rodzalesie-pila.pl\/wp-content\/uploads\/2025\/03\/REMONDIS.2702-scaled.jpg 1707w\" sizes=\"auto, (max-width: 683px) 100vw, 683px\" \/><\/figure><\/div>\n\n\n<p class=\"has-text-align-left\">Go\u015bciem specjalnym gali eko-PROFIT 2024 by\u0142a Pani <strong>Katarzyna Guba\u0142a <\/strong>&#8211; propagatorka zdrowego od\u017cywiania, ekspert kulinarny i kucharz w \u201ePytaniu na \u015aniadanie\u201d TVP2 oraz Ambasadorka og\u00f3lnopolskiego festiwalu \u201ePolska od kuchni\u201d. Odby\u0142y si\u0119 warsztaty kulinarne \u201eZdrowy ferment z Katarzyn\u0105 Guba\u0142\u0105\u201d<strong>,<\/strong> podczas kt\u00f3rych ka\u017cdy z go\u015bci m\u00f3g\u0142 przygotowa\u0107 w\u0142asny s\u0142oik zdrowych kiszonek. Warsztaty cieszy\u0142y si\u0119 bardzo du\u017cym zainteresowaniem.<\/p>\n\n\n\n<p class=\"has-text-align-left\"><strong>Organizatorzy programu:<\/strong><br><a href=\"https:\/\/www.electro-system.pl\/\" data-type=\"link\" data-id=\"https:\/\/www.electro-system.pl\/\">Electro-System Organizacja Odzysku<\/a><br><a href=\"https:\/\/remondis-electro.pl\/\" data-type=\"link\" data-id=\"https:\/\/remondis-electro.pl\/\">REMONDIS Electrorecycling Polska<\/a><\/p>\n\n\n\n<p><\/p>\n\n\n\n<figure class=\"wp-block-image size-large\"><img loading=\"lazy\" decoding=\"async\" width=\"1024\" height=\"768\" src=\"https:\/\/rodzalesie-pila.pl\/wp-content\/uploads\/2025\/03\/REMONDIS-NAGROD-1024x768.jpg\" alt=\"\" class=\"wp-image-229\" srcset=\"https:\/\/rodzalesie-pila.pl\/wp-content\/uploads\/2025\/03\/REMONDIS-NAGROD-1024x768.jpg 1024w, https:\/\/rodzalesie-pila.pl\/wp-content\/uploads\/2025\/03\/REMONDIS-NAGROD-300x225.jpg 300w, https:\/\/rodzalesie-pila.pl\/wp-content\/uploads\/2025\/03\/REMONDIS-NAGROD-768x576.jpg 768w, https:\/\/rodzalesie-pila.pl\/wp-content\/uploads\/2025\/03\/REMONDIS-NAGROD-1536x1152.jpg 1536w, https:\/\/rodzalesie-pila.pl\/wp-content\/uploads\/2025\/03\/REMONDIS-NAGROD-600x450.jpg 600w, https:\/\/rodzalesie-pila.pl\/wp-content\/uploads\/2025\/03\/REMONDIS-NAGROD.jpg 1600w\" sizes=\"auto, (max-width: 1024px) 100vw, 1024px\" \/><\/figure>\n\n\n\n<figure class=\"wp-block-image size-large\"><img loading=\"lazy\" decoding=\"async\" width=\"1024\" height=\"768\" src=\"https:\/\/rodzalesie-pila.pl\/wp-content\/uploads\/2025\/03\/REMONDIS_NAGRODA-1024x768.jpg\" alt=\"\" class=\"wp-image-230\" srcset=\"https:\/\/rodzalesie-pila.pl\/wp-content\/uploads\/2025\/03\/REMONDIS_NAGRODA-1024x768.jpg 1024w, https:\/\/rodzalesie-pila.pl\/wp-content\/uploads\/2025\/03\/REMONDIS_NAGRODA-300x225.jpg 300w, https:\/\/rodzalesie-pila.pl\/wp-content\/uploads\/2025\/03\/REMONDIS_NAGRODA-768x576.jpg 768w, https:\/\/rodzalesie-pila.pl\/wp-content\/uploads\/2025\/03\/REMONDIS_NAGRODA-1536x1152.jpg 1536w, https:\/\/rodzalesie-pila.pl\/wp-content\/uploads\/2025\/03\/REMONDIS_NAGRODA-600x450.jpg 600w, https:\/\/rodzalesie-pila.pl\/wp-content\/uploads\/2025\/03\/REMONDIS_NAGRODA.jpg 1600w\" sizes=\"auto, (max-width: 1024px) 100vw, 1024px\" \/><\/figure>\n","protected":false},"excerpt":{"rendered":"<p>2024 odby\u0142 si\u0119 w \u015awiatowy Dzie\u0144 Organizacji Pozarz\u0105dowych. Prze\u0142om w recyklingu elektroodpad\u00f3w \u2013 podsumowanie edycji 2024.27 lutego 2025 roku odby\u0142<\/p>\n","protected":false},"author":1,"featured_media":0,"comment_status":"closed","ping_status":"open","sticky":false,"template":"","format":"standard","meta":{"footnotes":""},"categories":[3],"tags":[],"class_list":["post-226","post","type-post","status-publish","format-standard","hentry","category-aktualnosci","comments-off"],"_links":{"self":[{"href":"https:\/\/rodzalesie-pila.pl\/index.php?rest_route=\/wp\/v2\/posts\/226","targetHints":{"allow":["GET"]}}],"collection":[{"href":"https:\/\/rodzalesie-pila.pl\/index.php?rest_route=\/wp\/v2\/posts"}],"about":[{"href":"https:\/\/rodzalesie-pila.pl\/index.php?rest_route=\/wp\/v2\/types\/post"}],"author":[{"embeddable":true,"href":"https:\/\/rodzalesie-pila.pl\/index.php?rest_route=\/wp\/v2\/users\/1"}],"replies":[{"embeddable":true,"href":"https:\/\/rodzalesie-pila.pl\/index.php?rest_route=%2Fwp%2Fv2%2Fcomments&post=226"}],"version-history":[{"count":4,"href":"https:\/\/rodzalesie-pila.pl\/index.php?rest_route=\/wp\/v2\/posts\/226\/revisions"}],"predecessor-version":[{"id":235,"href":"https:\/\/rodzalesie-pila.pl\/index.php?rest_route=\/wp\/v2\/posts\/226\/revisions\/235"}],"wp:attachment":[{"href":"https:\/\/rodzalesie-pila.pl\/index.php?rest_route=%2Fwp%2Fv2%2Fmedia&parent=226"}],"wp:term":[{"taxonomy":"category","embeddable":true,"href":"https:\/\/rodzalesie-pila.pl\/index.php?rest_route=%2Fwp%2Fv2%2Fcategories&post=226"},{"taxonomy":"post_tag","embeddable":true,"href":"https:\/\/rodzalesie-pila.pl\/index.php?rest_route=%2Fwp%2Fv2%2Ftags&post=226"}],"curies":[{"name":"wp","href":"https:\/\/api.w.org\/{rel}","templated":true}]}}